{"id":427,"date":"2026-01-18T09:32:17","date_gmt":"2026-01-18T08:32:17","guid":{"rendered":"https:\/\/parafiaturobin.pl\/?p=427"},"modified":"2026-01-18T09:33:22","modified_gmt":"2026-01-18T08:33:22","slug":"ogloszenia-parafialne-2-niedziela-zwykla-18-01-2026-r","status":"publish","type":"post","link":"http:\/\/parafiaturobin.pl\/index.php\/2026\/01\/18\/ogloszenia-parafialne-2-niedziela-zwykla-18-01-2026-r\/","title":{"rendered":"Og\u0142oszenia parafialne \u2013 \u00a02 Niedziela Zwyk\u0142a \u2013 18.01.2026 r."},"content":{"rendered":"\t\t<div data-elementor-type=\"wp-post\" data-elementor-id=\"427\" class=\"elementor elementor-427\" data-elementor-post-type=\"post\">\n\t\t\t\t<div class=\"elementor-element elementor-element-1a243727 e-flex e-con-boxed e-con e-parent\" data-id=\"1a243727\" data-element_type=\"container\" data-e-type=\"container\">\n\t\t\t\t\t<div class=\"e-con-inner\">\n\t\t\t\t<div class=\"elementor-element elementor-element-7504ae8e elementor-widget elementor-widget-text-editor\" data-id=\"7504ae8e\" data-element_type=\"widget\" data-e-type=\"widget\" data-widget_type=\"text-editor.default\">\n\t\t\t\t\t\t\t\t\t<p><strong>Og\u0142oszenia parafialne \u2013 \u00a02 Niedziela Zwyk\u0142a \u2013 18.01.2026 r.<\/strong><\/p><p><strong>Poniedzia\u0142ek <\/strong>\u2013 wspomnienie \u015bw. J\u00f3zefa Sebastiana Pelczara, biskupa<\/p><p><strong>\u015aroda<\/strong> \u2013 wspomnienie \u015bw. Agnieszki, dziewicy, m\u0119czennicy<\/p><p><strong>Sobota <\/strong>\u2013 wspomnienie \u015bw. Franciszka Salezego, biskupa, doktora Ko\u015bcio\u0142a<\/p><ol><li>Dzisiaj po mszy \u015bw. z godz. 16.00 spotkanie op\u0142atkowe Akcji Katolickiej, redakcji <em>Dominika Turobi\u0144skiego<\/em> i ch\u00f3ru parafialnego <em>Oremus<\/em>.<\/li><li>Niedziela za tydzie\u0144, 25 stycznia obchodzona b\u0119dzie jako VII Niedziela S\u0142owa Bo\u017cego. Has\u0142em tych obchod\u00f3w s\u0105 s\u0142owa z Listu do Kolosan \u201eS\u0142owo Chrystusa niech mieszka w was\u201d. Jest to r\u00f3wnie\u017c \u015awiatowy Dzie\u0144 chorych na tr\u0105d. Ofiary zebrane do puszek przeznaczone b\u0119d\u0105 na pomoc tr\u0119dowatym. Stowarzyszenie Krwi Chrystusa zaprasza na modlitw\u0119 Koronk\u0105 do Krwi Chrystusa na godz. 9.30.<\/li><li>R\u00f3wnie\u017c w niedziel\u0119 podczas Mszy \u015bw. o g. 10.00 b\u0119dziemy go\u015bci\u0107 ch\u00f3r z parafii \u015bw. Antoniego z Radecznicy.<\/li><li>W minionym tygodniu nie wsz\u0119dzie odby\u0142a si\u0119 zaplanowana wcze\u015bniej wizyta kol\u0119dowa, serdecznie przepraszamy za zaistnia\u0142\u0105 sytuacj\u0119. R\u00f3wnocze\u015bnie informujemy, i\u017c wszelkie nag\u0142e zmiany w wizycie kol\u0119dowej b\u0119dziemy przekazywa\u0107 poprzez odpowiednie zawiadomienia na kartkach z podpisem kt\u00f3rego\u015b z ksi\u0119\u017cy oraz na profilu facebook parafii. Plan kol\u0119dy (prosimy przys\u0142a\u0107 pojazdy):<\/li><\/ol><table width=\"735\"><tbody><tr><td colspan=\"3\" width=\"735\"><p><strong>Plan kol\u0119dy 19-24.01.2026 r.<\/strong><\/p><\/td><\/tr><tr><td width=\"130\"><p><strong>Data <\/strong><\/p><\/td><td width=\"316\"><p><strong>Rano od 9.00<\/strong><\/p><\/td><td width=\"288\"><p><strong>Od 15.30 <\/strong><\/p><\/td><\/tr><tr><td width=\"130\"><p>Poniedzia\u0142ek<\/p><\/td><td width=\"316\"><p><strong>Za\u0142awcze \u2013 2 ks.<\/strong><\/p><\/td><td width=\"288\"><p><strong>Ul. Targowa<\/strong> od skrzy\u017cowania do ul. Polnej &#8211; 1 ks.<\/p><\/td><\/tr><tr><td width=\"130\"><p>Wtorek<\/p><\/td><td width=\"316\"><p>Nie b\u0119dzie wizyty duszpasterskiej<\/p><\/td><td width=\"288\"><p><strong>Ul. Polna<\/strong> \u2013 1 ks.<\/p><p>\u00a0<\/p><\/td><\/tr><tr><td width=\"130\"><p>\u015aroda<\/p><\/td><td width=\"316\"><p><strong>Kol. Guz\u00f3wka podtorze<\/strong> \u2013 od szko\u0142y lewa strona toru, nast\u0119pnie\u00a0 druga strona do p. Sad\u0142o\u00a0<\/p><\/td><td width=\"288\"><p><strong>TYLKO !<\/strong><\/p><p><strong>Blok \u2013 ul. Hetmana G\u00f3rki 2<\/strong> \u2013<\/p><p>1 ks.<\/p><\/td><\/tr><tr><td width=\"130\"><p>Czwartek<\/p><\/td><td width=\"316\"><p><strong>Kol. Guz\u00f3wka przy szosie<\/strong> \u2013 od Eliz\u00f3wki do Remizy.<\/p><\/td><td width=\"288\"><p><strong>Blok \u2013 ul. Rynek 3<\/strong> \u2013 1 ks.<\/p><p>\u00a0\u00a0\u00a0<\/p><\/td><\/tr><tr><td width=\"130\"><p>Pi\u0105tek<\/p><\/td><td width=\"316\"><p><strong>Kol. Guz\u00f3wka<\/strong> przy szosie \u2013 od kaplicy do Remizy.<\/p><\/td><td width=\"288\"><p><strong>Blok &#8211; Ul. Narutowicza 2<\/strong> &#8211; 1 ks.<\/p><\/td><\/tr><tr><td width=\"130\"><p>Sobota<\/p><\/td><td width=\"316\"><p><strong>Tarnawa Ma\u0142a<\/strong> \u2013 2 ks.<\/p><\/td><td width=\"288\"><p>Nie b\u0119dzie wizyty duszpasterskiej<\/p><\/td><\/tr><\/tbody><\/table><ol start=\"5\"><li>B\u00f3g za ofiar\u0119 na Ko\u015bci\u00f3\u0142:\u00a0<\/li><\/ol><ul><li>3458 z\u0142 44 gr \u2013 taca inwestycyjna<\/li><li>500 z\u0142 \u2013 Stowarzyszenie Krwi Chrystusa<\/li><\/ul><ol start=\"6\"><li>Otrzymali\u015bmy rachunek za pr\u0105d za miesi\u0105c grudzie\u0144 na kwot\u0119 2108 z\u0142 23 gr.<\/li><li>Spotkanie informacyjne w sprawie pielgrzymki do Rzymu odb\u0119dzie si\u0119 2 lutego. Wtedy te\u017c b\u0119dziemy przyjmowa\u0107 drug\u0105 cz\u0119\u015b\u0107 wp\u0142at. Prosimy o sprawdzenie wa\u017cno\u015bci dowod\u00f3w osobistych i ewentualn\u0105 ich wymian\u0119.<\/li><li>Na stoliku pod ambon\u0105 wy\u0142o\u017cona jest prasa katolicka <em>Go\u015b\u0107 Niedzielny, Niedziela, Ma\u0142y Go\u015b\u0107 Niedzielny<\/em>.<\/li><li>Po\u017cegnali\u015bmy z naszej wsp\u00f3lnoty:<\/li><\/ol><ul><li>\u015ap. Roman Teklak, l. 63, pochodz\u0105cy z Turobina<\/li><li>\u015ap. Czes\u0142awa (f) Radej, l. 86, Zagroble<\/li><\/ul><p>\u00a0<\/p><p>\u00a0<\/p><p>\u00a0<\/p>\t\t\t\t\t\t\t\t<\/div>\n\t\t\t\t\t<\/div>\n\t\t\t\t<\/div>\n\t\t\t\t<\/div>\n\t\t","protected":false},"excerpt":{"rendered":"<p>Og\u0142oszenia parafialne \u2013 \u00a02 Niedziela Zwyk\u0142a \u2013 18.01.2026 r. Poniedzia\u0142ek \u2013 wspomnienie \u015bw. J\u00f3zefa Sebastiana Pelczara, biskupa \u015aroda \u2013 wspomnienie [&hellip;]<\/p>\n","protected":false},"author":1,"featured_media":317,"comment_status":"open","ping_status":"open","sticky":false,"template":"","format":"standard","meta":{"site-sidebar-layout":"default","site-content-layout":"","ast-site-content-layout":"default","site-content-style":"default","site-sidebar-style":"default","ast-global-header-display":"","ast-banner-title-visibility":"","ast-main-header-display":"","ast-hfb-above-header-display":"","ast-hfb-below-header-display":"","ast-hfb-mobile-header-display":"","site-post-title":"","ast-breadcrumbs-content":"","ast-featured-img":"","footer-sml-layout":"","theme-transparent-header-meta":"","adv-header-id-meta":"","stick-header-meta":"","header-above-stick-meta":"","header-main-stick-meta":"","header-below-stick-meta":"","astra-migrate-meta-layouts":"default","ast-page-background-enabled":"default","ast-page-background-meta":{"desktop":{"background-color":"var(--ast-global-color-5)","background-image":"","background-repeat":"repeat","background-position":"center center","background-size":"auto","background-attachment":"scroll","background-type":"","background-media":"","overlay-type":"","overlay-color":"","overlay-opacity":"","overlay-gradient":""},"tablet":{"background-color":"","background-image":"","background-repeat":"repeat","background-position":"center center","background-size":"auto","background-attachment":"scroll","background-type":"","background-media":"","overlay-type":"","overlay-color":"","overlay-opacity":"","overlay-gradient":""},"mobile":{"background-color":"","background-image":"","background-repeat":"repeat","background-position":"center center","background-size":"auto","background-attachment":"scroll","background-type":"","background-media":"","overlay-type":"","overlay-color":"","overlay-opacity":"","overlay-gradient":""}},"ast-content-background-meta":{"desktop":{"background-color":"var(--ast-global-color-4)","background-image":"","background-repeat":"repeat","background-position":"center center","background-size":"auto","background-attachment":"scroll","background-type":"","background-media":"","overlay-type":"","overlay-color":"","overlay-opacity":"","overlay-gradient":""},"tablet":{"background-color":"var(--ast-global-color-4)","background-image":"","background-repeat":"repeat","background-position":"center center","background-size":"auto","background-attachment":"scroll","background-type":"","background-media":"","overlay-type":"","overlay-color":"","overlay-opacity":"","overlay-gradient":""},"mobile":{"background-color":"var(--ast-global-color-4)","background-image":"","background-repeat":"repeat","background-position":"center center","background-size":"auto","background-attachment":"scroll","background-type":"","background-media":"","overlay-type":"","overlay-color":"","overlay-opacity":"","overlay-gradient":""}},"footnotes":""},"categories":[9],"tags":[],"post_folder":[],"class_list":["post-427","post","type-post","status-publish","format-standard","has-post-thumbnail","hentry","category-ogloszenia"],"_links":{"self":[{"href":"http:\/\/parafiaturobin.pl\/index.php\/wp-json\/wp\/v2\/posts\/427","targetHints":{"allow":["GET"]}}],"collection":[{"href":"http:\/\/parafiaturobin.pl\/index.php\/wp-json\/wp\/v2\/posts"}],"about":[{"href":"http:\/\/parafiaturobin.pl\/index.php\/wp-json\/wp\/v2\/types\/post"}],"author":[{"embeddable":true,"href":"http:\/\/parafiaturobin.pl\/index.php\/wp-json\/wp\/v2\/users\/1"}],"replies":[{"embeddable":true,"href":"http:\/\/parafiaturobin.pl\/index.php\/wp-json\/wp\/v2\/comments?post=427"}],"version-history":[{"count":4,"href":"http:\/\/parafiaturobin.pl\/index.php\/wp-json\/wp\/v2\/posts\/427\/revisions"}],"predecessor-version":[{"id":431,"href":"http:\/\/parafiaturobin.pl\/index.php\/wp-json\/wp\/v2\/posts\/427\/revisions\/431"}],"wp:featuredmedia":[{"embeddable":true,"href":"http:\/\/parafiaturobin.pl\/index.php\/wp-json\/wp\/v2\/media\/317"}],"wp:attachment":[{"href":"http:\/\/parafiaturobin.pl\/index.php\/wp-json\/wp\/v2\/media?parent=427"}],"wp:term":[{"taxonomy":"category","embeddable":true,"href":"http:\/\/parafiaturobin.pl\/index.php\/wp-json\/wp\/v2\/categories?post=427"},{"taxonomy":"post_tag","embeddable":true,"href":"http:\/\/parafiaturobin.pl\/index.php\/wp-json\/wp\/v2\/tags?post=427"},{"taxonomy":"post_folder","embeddable":true,"href":"http:\/\/parafiaturobin.pl\/index.php\/wp-json\/wp\/v2\/post_folder?post=427"}],"curies":[{"name":"wp","href":"https:\/\/api.w.org\/{rel}","templated":true}]}}