{"id":511,"date":"2026-03-22T08:43:42","date_gmt":"2026-03-22T07:43:42","guid":{"rendered":"https:\/\/parafiaturobin.pl\/?p=511"},"modified":"2026-04-04T11:15:26","modified_gmt":"2026-04-04T09:15:26","slug":"ogloszenia-parafialne-v-niedziela-wielkiego-postu-22-03-2026r","status":"publish","type":"post","link":"http:\/\/parafiaturobin.pl\/index.php\/2026\/03\/22\/ogloszenia-parafialne-v-niedziela-wielkiego-postu-22-03-2026r\/","title":{"rendered":"Og\u0142oszenia parafialne \u2013 V Niedziela Wielkiego Postu- 22.03.2026r."},"content":{"rendered":"\t\t<div data-elementor-type=\"wp-post\" data-elementor-id=\"511\" class=\"elementor elementor-511\" data-elementor-post-type=\"post\">\n\t\t\t\t<div class=\"elementor-element elementor-element-29892e18 e-flex e-con-boxed e-con e-parent\" data-id=\"29892e18\" data-element_type=\"container\" data-e-type=\"container\">\n\t\t\t\t\t<div class=\"e-con-inner\">\n\t\t\t\t<div class=\"elementor-element elementor-element-2d0a7851 elementor-widget elementor-widget-text-editor\" data-id=\"2d0a7851\" data-element_type=\"widget\" data-e-type=\"widget\" data-widget_type=\"text-editor.default\">\n\t\t\t\t\t\t\t\t\t<p><b><span data-contrast=\"auto\">Og\u0142oszenia parafialne \u2013\u00a0V\u00a0Niedziela Wielkiego Postu-\u00a022.03.2026r.<\/span><\/b><span data-ccp-props=\"{&quot;201341983&quot;:0,&quot;335551550&quot;:2,&quot;335551620&quot;:2,&quot;335559685&quot;:-426,&quot;335559739&quot;:0,&quot;335559740&quot;:240}\">\u00a0<\/span><\/p><p><span data-ccp-props=\"{&quot;201341983&quot;:0,&quot;335551550&quot;:2,&quot;335551620&quot;:2,&quot;335559685&quot;:-426,&quot;335559739&quot;:0,&quot;335559740&quot;:240}\">\u00a0<\/span><\/p><p><b><span data-contrast=\"auto\">\u015aroda\u00a0<\/span><\/b><span data-contrast=\"auto\">\u2013 uroczysto\u015b\u0107\u00a0Zwiastowania Pa\u0144skiego<\/span><span data-ccp-props=\"{&quot;201341983&quot;:0,&quot;335559685&quot;:-426,&quot;335559739&quot;:0,&quot;335559740&quot;:240}\">\u00a0<\/span><\/p><ol><li><span data-contrast=\"auto\">Rozpoczynamy dzi\u015b\u00a0nasze rekolekcje wielkopostne.\u00a0Witamy serdecznie naszego rekolekcjonist\u0119 \u2013 jest nim ks. dr Franciszek\u00a0Kliza\u00a0\u2013 proboszcz parafii Olchowiec.\u00a0<\/span><span data-ccp-props=\"{&quot;134233117&quot;:true,&quot;134233118&quot;:true,&quot;335551550&quot;:6,&quot;335551620&quot;:6,&quot;335559685&quot;:0,&quot;335559991&quot;:426}\">\u00a0<\/span><\/li><li><span data-contrast=\"auto\">Plan rekolekcji jest nast\u0119puj\u0105cy:<\/span><span data-ccp-props=\"{&quot;335551550&quot;:6,&quot;335551620&quot;:6,&quot;335559685&quot;:0,&quot;335559739&quot;:0,&quot;335559991&quot;:426}\">\u00a0<\/span><\/li><\/ol><table data-tablestyle=\"MsoTableGrid\" data-tablelook=\"1184\" aria-rowcount=\"8\"><tbody><tr aria-rowindex=\"1\"><td colspan=\"3\" data-celllook=\"0\"><p><b><span data-contrast=\"auto\">G\u0142osi ks. dr\u00a0Franciszek\u00a0Kliza\u00a0\u2013\u00a0proboszcz parafii Olchowiec\u00a0<\/span><\/b><span data-ccp-props=\"{&quot;201341983&quot;:0,&quot;335551550&quot;:2,&quot;335551620&quot;:2,&quot;335559740&quot;:276}\">\u00a0<\/span><\/p><\/td><\/tr><tr aria-rowindex=\"2\"><td data-celllook=\"0\"><p><b><span data-contrast=\"auto\">Niedziela<\/span><\/b><span data-ccp-props=\"{&quot;134233117&quot;:true,&quot;201341983&quot;:0,&quot;335551550&quot;:6,&quot;335551620&quot;:6,&quot;335559740&quot;:276}\">\u00a0<\/span><\/p><\/td><td data-celllook=\"0\"><p><b><span data-contrast=\"auto\">Poniedzia\u0142ek<\/span><\/b><span data-ccp-props=\"{&quot;134233117&quot;:true,&quot;201341983&quot;:0,&quot;335551550&quot;:6,&quot;335551620&quot;:6,&quot;335559740&quot;:276}\">\u00a0<\/span><\/p><\/td><td data-celllook=\"0\"><p><b><span data-contrast=\"auto\">Wtorek<\/span><\/b><span data-ccp-props=\"{&quot;134233117&quot;:true,&quot;201341983&quot;:0,&quot;335551550&quot;:6,&quot;335551620&quot;:6,&quot;335559740&quot;:276}\">\u00a0<\/span><\/p><\/td><\/tr><tr aria-rowindex=\"3\"><td data-celllook=\"0\"><p><span data-contrast=\"auto\">8.00\u00a0<\/span><span data-ccp-props=\"{&quot;134233117&quot;:true,&quot;201341983&quot;:0,&quot;335551550&quot;:6,&quot;335551620&quot;:6,&quot;335559740&quot;:276}\">\u00a0<\/span><\/p><\/td><td data-celllook=\"0\"><p><span data-contrast=\"auto\">8.00<\/span><span data-ccp-props=\"{&quot;134233117&quot;:true,&quot;201341983&quot;:0,&quot;335551550&quot;:6,&quot;335551620&quot;:6,&quot;335559740&quot;:276}\">\u00a0<\/span><\/p><\/td><td data-celllook=\"0\"><p><span data-contrast=\"auto\">8.00<\/span><span data-ccp-props=\"{&quot;134233117&quot;:true,&quot;201341983&quot;:0,&quot;335551550&quot;:6,&quot;335551620&quot;:6,&quot;335559740&quot;:276}\">\u00a0<\/span><\/p><\/td><\/tr><tr aria-rowindex=\"4\"><td data-celllook=\"0\"><p><span data-contrast=\"auto\">10.00\u00a0<\/span><span data-ccp-props=\"{&quot;134233117&quot;:true,&quot;201341983&quot;:0,&quot;335551550&quot;:6,&quot;335551620&quot;:6,&quot;335559740&quot;:276}\">\u00a0<\/span><\/p><\/td><td data-celllook=\"0\"><p><b><span data-contrast=\"auto\">9.00 &#8211;\u00a0Huta<\/span><\/b><span data-ccp-props=\"{&quot;134233117&quot;:true,&quot;201341983&quot;:0,&quot;335551550&quot;:6,&quot;335551620&quot;:6,&quot;335559740&quot;:276}\">\u00a0<\/span><\/p><\/td><td data-celllook=\"0\"><p><b><span data-contrast=\"auto\">9.00 -\u202fHuta\u00a0<\/span><\/b><span data-ccp-props=\"{&quot;134233117&quot;:true,&quot;201341983&quot;:0,&quot;335551550&quot;:6,&quot;335551620&quot;:6,&quot;335559740&quot;:276}\">\u00a0<\/span><\/p><\/td><\/tr><tr aria-rowindex=\"5\"><td data-celllook=\"0\"><p><b><span data-contrast=\"auto\">11.30 \u2013 Tarnawa Du\u017ca<\/span><\/b><span data-ccp-props=\"{&quot;134233117&quot;:true,&quot;201341983&quot;:0,&quot;335551550&quot;:6,&quot;335551620&quot;:6,&quot;335559740&quot;:276}\">\u00a0<\/span><\/p><\/td><td data-celllook=\"0\"><p><b><span data-contrast=\"auto\">10.00 \u2013\u00a0Tarnawa\u00a0Du\u017ca<\/span><\/b><span data-ccp-props=\"{&quot;134233117&quot;:true,&quot;201341983&quot;:0,&quot;335551550&quot;:6,&quot;335551620&quot;:6,&quot;335559740&quot;:276}\">\u00a0<\/span><\/p><\/td><td data-celllook=\"0\"><p><b><span data-contrast=\"auto\">10.00\u00a0\u2013\u00a0Tarnawa\u00a0Du\u017ca<\/span><\/b><span data-ccp-props=\"{&quot;134233117&quot;:true,&quot;201341983&quot;:0,&quot;335551550&quot;:6,&quot;335551620&quot;:6,&quot;335559740&quot;:276}\">\u00a0<\/span><\/p><\/td><\/tr><tr aria-rowindex=\"6\"><td data-celllook=\"0\"><p><b><span data-contrast=\"auto\">12.45 &#8211; Guz\u00f3wka<\/span><\/b><span data-ccp-props=\"{&quot;134233117&quot;:true,&quot;201341983&quot;:0,&quot;335551550&quot;:6,&quot;335551620&quot;:6,&quot;335559740&quot;:276}\">\u00a0<\/span><\/p><\/td><td data-celllook=\"0\"><p><b><span data-contrast=\"auto\">11.00 &#8211; Guz\u00f3wka<\/span><\/b><span data-ccp-props=\"{&quot;134233117&quot;:true,&quot;201341983&quot;:0,&quot;335551550&quot;:6,&quot;335551620&quot;:6,&quot;335559740&quot;:276}\">\u00a0<\/span><\/p><\/td><td data-celllook=\"0\"><p><b><span data-contrast=\"auto\">11.00 &#8211; Guz\u00f3wka<\/span><\/b><span data-ccp-props=\"{&quot;134233117&quot;:true,&quot;201341983&quot;:0,&quot;335551550&quot;:6,&quot;335551620&quot;:6,&quot;335559740&quot;:276}\">\u00a0<\/span><\/p><\/td><\/tr><tr aria-rowindex=\"7\"><td data-celllook=\"0\"><p><b><span data-contrast=\"auto\">15.00 &#8211; Huta<\/span><\/b><span data-ccp-props=\"{&quot;134233117&quot;:true,&quot;201341983&quot;:0,&quot;335551550&quot;:6,&quot;335551620&quot;:6,&quot;335559740&quot;:276}\">\u00a0<\/span><\/p><\/td><td data-celllook=\"0\"><p><span data-contrast=\"auto\">12.00 (dzieci)<\/span><span data-ccp-props=\"{&quot;134233117&quot;:true,&quot;201341983&quot;:0,&quot;335551550&quot;:6,&quot;335551620&quot;:6,&quot;335559740&quot;:276}\">\u00a0<\/span><\/p><\/td><td data-celllook=\"0\"><p><span data-contrast=\"auto\">12.00 (dzieci)<\/span><span data-ccp-props=\"{&quot;134233117&quot;:true,&quot;201341983&quot;:0,&quot;335551550&quot;:6,&quot;335551620&quot;:6,&quot;335559740&quot;:276}\">\u00a0<\/span><\/p><\/td><\/tr><tr aria-rowindex=\"8\"><td data-celllook=\"0\"><p><span data-contrast=\"auto\">16.00<\/span><span data-ccp-props=\"{&quot;134233117&quot;:true,&quot;201341983&quot;:0,&quot;335551550&quot;:6,&quot;335551620&quot;:6,&quot;335559740&quot;:276}\">\u00a0<\/span><\/p><\/td><td data-celllook=\"0\"><p><span data-contrast=\"auto\">18.00<\/span><span data-ccp-props=\"{&quot;134233117&quot;:true,&quot;201341983&quot;:0,&quot;335551550&quot;:6,&quot;335551620&quot;:6,&quot;335559740&quot;:276}\">\u00a0<\/span><\/p><\/td><td data-celllook=\"0\"><p><span data-contrast=\"auto\">18.00<\/span><span data-ccp-props=\"{&quot;134233117&quot;:true,&quot;201341983&quot;:0,&quot;335551550&quot;:6,&quot;335551620&quot;:6,&quot;335559740&quot;:276}\">\u00a0<\/span><\/p><\/td><\/tr><\/tbody><\/table><p><span data-ccp-props=\"{&quot;335551550&quot;:6,&quot;335551620&quot;:6,&quot;335559685&quot;:0,&quot;335559739&quot;:0}\">\u00a0<\/span><\/p><p><span data-contrast=\"auto\">3. Spowied\u017a tylko we wtorek \u2013 w ko\u015bciele od godz. 8.30 i p\u00f3\u0142 godziny przed ka\u017cd\u0105 msz\u0105 \u015bw., w kaplicach ok. 20 minut przed ka\u017cd\u0105 msz\u0105. Ofiary z\u0142o\u017cone we wtorek na tac\u0119 b\u0119d\u0105 wyrazem naszej wdzi\u0119czno\u015bci ksi\u0119dzu rekolekcjoni\u015bcie.<\/span><span data-ccp-props=\"{&quot;134233117&quot;:true,&quot;134233118&quot;:true,&quot;335551550&quot;:6,&quot;335551620&quot;:6,&quot;335559685&quot;:0,&quot;335559991&quot;:426}\">\u00a0<\/span><\/p><p><span data-contrast=\"auto\">4. W \u015brod\u0119 uroczysto\u015b\u0107 Zwiastowania Pa\u0144skiego. Msze \u015bw. w naszym ko\u015bciele sprawowane b\u0119d\u0105 o godz. 8.00, 10.00 i 18.00; we wszystkich <\/span><b><span data-contrast=\"auto\">kaplicach o godz. 16.00<\/span><\/b><span data-contrast=\"auto\">. Jest to zarazem Dzie\u0144 \u015awi\u0119to\u015bci \u017bycia i Duchowej Adopcji Dziecka Pocz\u0119tego.\u00a0<\/span>\u00a0<br \/><span data-contrast=\"auto\">W tym dniu osoby, kt\u00f3re pragn\u0105 podj\u0105\u0107 si\u0119 zadania modlitwy w intencji zagro\u017conego \u017cycia dziecka pocz\u0119tego, b\u0119d\u0105 mog\u0142y rozpocz\u0105\u0107 dziewi\u0119ciomiesi\u0119czn\u0105 nowenn\u0119. Zainteresowani mog\u0105 pobra\u0107 tekst potrzebny do z\u0142o\u017cenia takiej duchowej adopcji ze stolika z pras\u0105. Ofiary zebrane w tym dniu na tac\u0119 przeznaczone s\u0105 na Fundusz Obrony \u017bycia.<\/span><span data-ccp-props=\"{&quot;134233117&quot;:true,&quot;134233118&quot;:true,&quot;335551550&quot;:6,&quot;335551620&quot;:6,&quot;335559685&quot;:0,&quot;335559991&quot;:426}\">\u00a0<\/span><\/p><p><span data-contrast=\"auto\">5. W pi\u0105tek, 27 marca Droga Krzy\u017cowa na Majdanku \u2013 informacje i zapisy u ks. Krzysztofa.<\/span><span data-ccp-props=\"{&quot;134233117&quot;:true,&quot;134233118&quot;:true,&quot;335551550&quot;:6,&quot;335551620&quot;:6,&quot;335559685&quot;:0,&quot;335559991&quot;:426}\">\u00a0<\/span><\/p><p><span data-contrast=\"auto\">6. Niedziela za tydzie\u0144 to Niedziela Palmowa. Procesja z palmami od dzwonnicy o godz. 9.40. Zach\u0119camy do wykonania palm, w spos\u00f3b szczeg\u00f3lny zapraszamy mieszka\u0144c\u00f3w wiosek, cz\u0142onkinie KGW, dzieci i wszystkich ch\u0119tnych. Ofiary z\u0142o\u017cone na tac\u0119 przeznaczone b\u0119d\u0105 na kwiaty do Grobu Pa\u0144skiego. <\/span><span data-ccp-props=\"{&quot;134233117&quot;:true,&quot;134233118&quot;:true,&quot;335551550&quot;:6,&quot;335551620&quot;:6,&quot;335559685&quot;:0,&quot;335559991&quot;:426}\">\u00a0<\/span><\/p><p><span data-contrast=\"auto\">7. Tradycyjnie tego dnia odb\u0119dzie si\u0119 r\u00f3wnie\u017c Droga Krzy\u017cowa ulicami Turobina \u2013 pocz\u0105tek o godz. 18.00. Wszystkich serdecznie zapraszamy.<\/span><span data-ccp-props=\"{&quot;134233117&quot;:true,&quot;134233118&quot;:true,&quot;335551550&quot;:6,&quot;335551620&quot;:6,&quot;335559685&quot;:0,&quot;335559991&quot;:426}\">\u00a0<\/span><\/p><p><span data-contrast=\"auto\">8. Ks. Kapelan Miros\u0142aw serdecznie zaprasza prezes\u00f3w lub naczelnik\u00f3w jednostek OSP z terenu parafii na spotkanie w Niedziel\u0119 Palmow\u0105 o g. 17.00 w sali na plebanii.<\/span><span data-ccp-props=\"{&quot;134233117&quot;:true,&quot;134233118&quot;:true,&quot;335551550&quot;:6,&quot;335551620&quot;:6,&quot;335559685&quot;:0,&quot;335559991&quot;:426}\">\u00a0<\/span><\/p><p><span data-contrast=\"auto\">9. Plan odwiedzin chorych: <\/span><span data-ccp-props=\"{&quot;134233117&quot;:true,&quot;134233118&quot;:true,&quot;335551550&quot;:6,&quot;335551620&quot;:6,&quot;335559685&quot;:0,&quot;335559991&quot;:426}\">\u00a0<\/span><\/p><ul><li aria-setsize=\"-1\" data-leveltext=\"\uf0d8\" data-font=\"Wingdings\" data-listid=\"9\" data-list-defn-props=\"{&quot;335552541&quot;:1,&quot;335559685&quot;:720,&quot;335559991&quot;:360,&quot;469769226&quot;:&quot;Wingdings&quot;,&quot;469769242&quot;:[8226],&quot;469777803&quot;:&quot;left&quot;,&quot;469777804&quot;:&quot;\uf0d8&quot;,&quot;469777815&quot;:&quot;hybridMultilevel&quot;}\" data-aria-posinset=\"1\" data-aria-level=\"1\"><b><span data-contrast=\"auto\">Poniedzia\u0142ek od g. 14.30<\/span><\/b><span data-ccp-props=\"{&quot;134233117&quot;:true,&quot;134233118&quot;:true,&quot;335551550&quot;:6,&quot;335551620&quot;:6}\">\u00a0<\/span><\/li><\/ul><ul><li aria-setsize=\"-1\" data-leveltext=\"\uf0b7\" data-font=\"Symbol\" data-listid=\"8\" data-list-defn-props=\"{&quot;335552541&quot;:1,&quot;335559685&quot;:720,&quot;335559991&quot;:360,&quot;469769226&quot;:&quot;Symbol&quot;,&quot;469769242&quot;:[8226],&quot;469777803&quot;:&quot;left&quot;,&quot;469777804&quot;:&quot;\uf0b7&quot;,&quot;469777815&quot;:&quot;hybridMultilevel&quot;}\" data-aria-posinset=\"1\" data-aria-level=\"1\"><b><span data-contrast=\"auto\">\u017babno i kol. \u017babno<\/span><\/b><span data-contrast=\"auto\">\u00a0\u2013 ks. Proboszcz \u2013\u00a0<\/span><b><span data-contrast=\"auto\">prosimy o pojazd.<\/span><\/b><span data-ccp-props=\"{&quot;134233117&quot;:true,&quot;134233118&quot;:true,&quot;335551550&quot;:6,&quot;335551620&quot;:6,&quot;335559685&quot;:1276}\">\u00a0<\/span><\/li><\/ul><ul><li aria-setsize=\"-1\" data-leveltext=\"\uf0b7\" data-font=\"Symbol\" data-listid=\"8\" data-list-defn-props=\"{&quot;335552541&quot;:1,&quot;335559685&quot;:720,&quot;335559991&quot;:360,&quot;469769226&quot;:&quot;Symbol&quot;,&quot;469769242&quot;:[8226],&quot;469777803&quot;:&quot;left&quot;,&quot;469777804&quot;:&quot;\uf0b7&quot;,&quot;469777815&quot;:&quot;hybridMultilevel&quot;}\" data-aria-posinset=\"2\" data-aria-level=\"1\"><b><span data-contrast=\"auto\">Tarnawa Du\u017ca i Tarnawa Ma\u0142a, Przedmie\u015bcie \u2013\u00a0<\/span><\/b><span data-contrast=\"auto\">ks. Krzysztof<\/span><span data-ccp-props=\"{&quot;134233117&quot;:true,&quot;134233118&quot;:true,&quot;335551550&quot;:6,&quot;335551620&quot;:6,&quot;335559685&quot;:1276}\">\u00a0<\/span><\/li><\/ul><ul><li aria-setsize=\"-1\" data-leveltext=\"\uf0b7\" data-font=\"Symbol\" data-listid=\"8\" data-list-defn-props=\"{&quot;335552541&quot;:1,&quot;335559685&quot;:720,&quot;335559991&quot;:360,&quot;469769226&quot;:&quot;Symbol&quot;,&quot;469769242&quot;:[8226],&quot;469777803&quot;:&quot;left&quot;,&quot;469777804&quot;:&quot;\uf0b7&quot;,&quot;469777815&quot;:&quot;hybridMultilevel&quot;}\" data-aria-posinset=\"3\" data-aria-level=\"1\"><b><span data-contrast=\"auto\">Olszanka, Huta, Tokary \u2013\u00a0<\/span><\/b><span data-contrast=\"auto\">Ks. Mirek<\/span><span data-ccp-props=\"{&quot;134233117&quot;:true,&quot;134233118&quot;:true,&quot;335551550&quot;:6,&quot;335551620&quot;:6,&quot;335559685&quot;:1276}\">\u00a0<\/span><\/li><\/ul><ul><li aria-setsize=\"-1\" data-leveltext=\"\uf0d8\" data-font=\"Wingdings\" data-listid=\"9\" data-list-defn-props=\"{&quot;335552541&quot;:1,&quot;335559685&quot;:720,&quot;335559991&quot;:360,&quot;469769226&quot;:&quot;Wingdings&quot;,&quot;469769242&quot;:[8226],&quot;469777803&quot;:&quot;left&quot;,&quot;469777804&quot;:&quot;\uf0d8&quot;,&quot;469777815&quot;:&quot;hybridMultilevel&quot;}\" data-aria-posinset=\"2\" data-aria-level=\"1\"><b><span data-contrast=\"auto\">Wtorek od g. 15.00<\/span><\/b><span data-ccp-props=\"{&quot;134233117&quot;:true,&quot;134233118&quot;:true,&quot;335551550&quot;:6,&quot;335551620&quot;:6}\">\u00a0<\/span><\/li><\/ul><ul><li aria-setsize=\"-1\" data-leveltext=\"\uf0b7\" data-font=\"Symbol\" data-listid=\"10\" data-list-defn-props=\"{&quot;335552541&quot;:1,&quot;335559685&quot;:1440,&quot;335559991&quot;:360,&quot;469769226&quot;:&quot;Symbol&quot;,&quot;469769242&quot;:[8226],&quot;469777803&quot;:&quot;left&quot;,&quot;469777804&quot;:&quot;\uf0b7&quot;,&quot;469777815&quot;:&quot;hybridMultilevel&quot;}\" data-aria-posinset=\"1\" data-aria-level=\"1\"><b><span data-contrast=\"auto\">Rokit\u00f3w, Za\u0142awcze,\u00a0Zagroble<\/span><\/b><span data-contrast=\"auto\">\u00a0\u2013 ks. Krzysztof<\/span><span data-ccp-props=\"{&quot;134233117&quot;:true,&quot;134233118&quot;:true,&quot;335551550&quot;:6,&quot;335551620&quot;:6}\">\u00a0<\/span><\/li><\/ul><ul><li aria-setsize=\"-1\" data-leveltext=\"\uf0b7\" data-font=\"Symbol\" data-listid=\"10\" data-list-defn-props=\"{&quot;335552541&quot;:1,&quot;335559685&quot;:1440,&quot;335559991&quot;:360,&quot;469769226&quot;:&quot;Symbol&quot;,&quot;469769242&quot;:[8226],&quot;469777803&quot;:&quot;left&quot;,&quot;469777804&quot;:&quot;\uf0b7&quot;,&quot;469777815&quot;:&quot;hybridMultilevel&quot;}\" data-aria-posinset=\"2\" data-aria-level=\"1\"><b><span data-contrast=\"auto\">Kol. Guz\u00f3wka, Guz\u00f3wka, Eliz\u00f3wka, Turobin<\/span><\/b><span data-contrast=\"auto\">&#8211; Ks. Mirek\u00a0<\/span><\/li><\/ul><p><span data-ccp-props=\"{&quot;134233117&quot;:true,&quot;134233118&quot;:true,&quot;335551550&quot;:6,&quot;335551620&quot;:6}\">10. <\/span><span data-contrast=\"auto\">Przez ca\u0142y okres Wielkiego Postu ofiary zbierane w niedziele do puszek przeznaczone s\u0105 na Wielkopostne Dzie\u0142o Pomocy\u00a0<\/span><i><span data-contrast=\"auto\">Ja\u0142mu\u017cna Wielkopostna.<\/span><\/i><span data-ccp-props=\"{&quot;134233117&quot;:true,&quot;134233118&quot;:true,&quot;335551550&quot;:6,&quot;335551620&quot;:6,&quot;335559685&quot;:0,&quot;335559991&quot;:426}\">\u00a0<\/span><\/p><p><span data-contrast=\"auto\">11. Dost\u0119pny jest ju\u017c najnowszy numer <\/span><i><span data-contrast=\"auto\">Dominika Turobi\u0144skiego<\/span><\/i><span data-contrast=\"auto\">\u00a0w cenie 15 z\u0142.<\/span><span data-ccp-props=\"{&quot;134233117&quot;:true,&quot;134233118&quot;:true,&quot;335551550&quot;:6,&quot;335551620&quot;:6,&quot;335559685&quot;:0,&quot;335559991&quot;:426}\">\u00a0<\/span><\/p><p><span data-contrast=\"auto\">12.\u00a0 Sk\u0142adamy serdeczne B\u00f3g zap\u0142a\u0107 za ofiary z\u0142o\u017cone tydzie\u0144 temu na <\/span><i><span data-contrast=\"auto\">tac\u0119 inwestycyjn\u0105\u00a0<\/span><\/i><span data-contrast=\"auto\">\u2013 zebrali\u015bmy 4100 z\u0142.<\/span><span data-ccp-props=\"{&quot;134233117&quot;:true,&quot;134233118&quot;:true,&quot;335551550&quot;:6,&quot;335551620&quot;:6,&quot;335559685&quot;:0,&quot;335559991&quot;:426}\">\u00a0<\/span><\/p><p><span data-contrast=\"auto\">13. Bardzo serdecznie dzi\u0119kujemy za organizacj\u0119 Ekstremalnej Drogi Krzy\u017cowej: KGW \u201ePod Olch\u0105\u201d w Olszance, a zw\u0142aszcza Pa\u0144stwu Katarzynie i Dariuszowi Doma\u0144skim, druhom stra\u017cakom z OSP Za\u0142awcze, ks. proboszczowi parafii Gil\u00f3w \u2013 Grzegorzowi Bogucie, br. Damianowi i wsp\u00f3lnocie klasztoru w Radecznicy.<\/span><span data-ccp-props=\"{&quot;134233117&quot;:true,&quot;134233118&quot;:true,&quot;335551550&quot;:6,&quot;335551620&quot;:6,&quot;335559685&quot;:0,&quot;335559991&quot;:426}\">\u00a0<\/span><\/p><p><span data-contrast=\"auto\">14. Zapraszamy na nabo\u017ce\u0144stwa wielkopostne:<\/span><span data-ccp-props=\"{&quot;134233117&quot;:true,&quot;134233118&quot;:true,&quot;335551550&quot;:6,&quot;335551620&quot;:6,&quot;335559685&quot;:0,&quot;335559991&quot;:426}\">\u00a0<\/span><\/p><ul><li aria-setsize=\"-1\" data-leveltext=\"\uf0b7\" data-font=\"Symbol\" data-listid=\"2\" data-list-defn-props=\"{&quot;335552541&quot;:1,&quot;335559685&quot;:360,&quot;335559991&quot;:360,&quot;469769226&quot;:&quot;Symbol&quot;,&quot;469769242&quot;:[8226],&quot;469777803&quot;:&quot;left&quot;,&quot;469777804&quot;:&quot;\uf0b7&quot;,&quot;469777815&quot;:&quot;hybridMultilevel&quot;}\" data-aria-posinset=\"1\" data-aria-level=\"1\"><span data-contrast=\"auto\">Gorzkie \u017bale \u2013 w niedziele \u2013\u00a0<\/span><b><span data-contrast=\"auto\">Turobin g. 15.40<\/span><\/b><span data-ccp-props=\"{&quot;134233117&quot;:true,&quot;134233118&quot;:true,&quot;335551550&quot;:6,&quot;335551620&quot;:6,&quot;335559685&quot;:-142,&quot;335559991&quot;:284}\">\u00a0<\/span><\/li><\/ul><p><span data-contrast=\"auto\">\u00a0\u00a0\u00a0\u00a0\u00a0\u00a0\u00a0\u00a0\u00a0\u00a0\u00a0\u00a0\u00a0\u00a0\u00a0\u00a0\u00a0\u00a0\u00a0\u00a0\u00a0\u00a0\u00a0\u00a0\u00a0\u00a0\u00a0\u00a0\u00a0\u00a0\u00a0\u00a0\u00a0\u00a0\u00a0\u00a0\u00a0\u00a0\u00a0\u00a0\u00a0 &#8211; kaplice 20 minut przed msz\u0105<\/span><span data-ccp-props=\"{&quot;134233117&quot;:true,&quot;134233118&quot;:true,&quot;335551550&quot;:6,&quot;335551620&quot;:6,&quot;335559685&quot;:720}\">\u00a0<\/span><\/p><ul><li aria-setsize=\"-1\" data-leveltext=\"\uf0b7\" data-font=\"Symbol\" data-listid=\"2\" data-list-defn-props=\"{&quot;335552541&quot;:1,&quot;335559685&quot;:360,&quot;335559991&quot;:360,&quot;469769226&quot;:&quot;Symbol&quot;,&quot;469769242&quot;:[8226],&quot;469777803&quot;:&quot;left&quot;,&quot;469777804&quot;:&quot;\uf0b7&quot;,&quot;469777815&quot;:&quot;hybridMultilevel&quot;}\" data-aria-posinset=\"2\" data-aria-level=\"1\"><span data-contrast=\"auto\">Droga Krzy\u017cowa &#8211; w pi\u0105tek \u2013\u00a0<\/span><b><span data-contrast=\"auto\">g. 14.30 dzieci i m\u0142odzie\u017c<\/span><\/b><span data-ccp-props=\"{&quot;134233117&quot;:true,&quot;134233118&quot;:true,&quot;335551550&quot;:6,&quot;335551620&quot;:6,&quot;335559685&quot;:-142,&quot;335559991&quot;:284}\">\u00a0<\/span><\/li><li aria-setsize=\"-1\" data-leveltext=\"\uf0b7\" data-font=\"Symbol\" data-listid=\"2\" data-list-defn-props=\"{&quot;335552541&quot;:1,&quot;335559685&quot;:360,&quot;335559991&quot;:360,&quot;469769226&quot;:&quot;Symbol&quot;,&quot;469769242&quot;:[8226],&quot;469777803&quot;:&quot;left&quot;,&quot;469777804&quot;:&quot;\uf0b7&quot;,&quot;469777815&quot;:&quot;hybridMultilevel&quot;}\" data-aria-posinset=\"2\" data-aria-level=\"1\"><span data-contrast=\"auto\">\u00a0<\/span><b><span data-contrast=\"auto\"> 17.15 przed msz\u0105 \u015bw., \u015bpiewana<\/span><\/b><\/li><\/ul><p>\u00a0<\/p><p><span data-ccp-props=\"{&quot;134233117&quot;:true,&quot;134233118&quot;:true,&quot;335551550&quot;:6,&quot;335551620&quot;:6,&quot;335559685&quot;:720}\">15.<\/span><span data-contrast=\"auto\">Na stoliku pod ambon\u0105 jest wy\u0142o\u017cona prasa katolicka,\u00a0<\/span><i><span data-contrast=\"auto\">Niedziela, Go\u015b\u0107 Niedzielny, Ma\u0142y Go\u015b\u0107 Niedzielny\u00a0<\/span><\/i><span data-contrast=\"auto\">\u2013 zach\u0119camy do zakupu.<\/span><span data-ccp-props=\"{&quot;335551550&quot;:6,&quot;335551620&quot;:6,&quot;335559685&quot;:0,&quot;335559739&quot;:0,&quot;335559991&quot;:426}\">\u00a0<\/span><\/p><p><span data-contrast=\"auto\">16. Zach\u0119camy wszystkich, kt\u00f3rzy chc\u0105 otrzyma\u0107 paczki \u017cywno\u015bciowe z Caritas Archidiecezji Lubelskiej o zg\u0142aszanie si\u0119 do Gminnego O\u015brodka Pomocy Spo\u0142ecznej po skierowanie.<\/span><span data-ccp-props=\"{&quot;335551550&quot;:6,&quot;335551620&quot;:6,&quot;335559685&quot;:0,&quot;335559739&quot;:0,&quot;335559991&quot;:426}\">\u00a0<\/span><\/p><p><span data-contrast=\"auto\">17. Po\u017cegnali\u015bmy z naszej wsp\u00f3lnoty:<\/span><span data-ccp-props=\"{&quot;335551550&quot;:6,&quot;335551620&quot;:6,&quot;335559685&quot;:0,&quot;335559739&quot;:0,&quot;335559991&quot;:426}\">\u00a0<\/span><\/p><ul><li aria-setsize=\"-1\" data-leveltext=\"\uf0b7\" data-font=\"Symbol\" data-listid=\"6\" data-list-defn-props=\"{&quot;335552541&quot;:1,&quot;335559685&quot;:720,&quot;335559991&quot;:360,&quot;469769226&quot;:&quot;Symbol&quot;,&quot;469769242&quot;:[8226],&quot;469777803&quot;:&quot;left&quot;,&quot;469777804&quot;:&quot;\uf0b7&quot;,&quot;469777815&quot;:&quot;hybridMultilevel&quot;}\" data-aria-posinset=\"1\" data-aria-level=\"1\"><span data-contrast=\"auto\">\u015ap.\u00a0El\u017cbieta Tym, l. 54, Huta\u00a0\u2013 pogrzeb w poniedzia\u0142ek o godz. 9.30 (r\u00f3\u017caniec)<\/span><span data-ccp-props=\"{&quot;335551550&quot;:6,&quot;335551620&quot;:6,&quot;335559739&quot;:0}\">\u00a0<\/span><\/li><\/ul>\t\t\t\t\t\t\t\t<\/div>\n\t\t\t\t\t<\/div>\n\t\t\t\t<\/div>\n\t\t\t\t<\/div>\n\t\t","protected":false},"excerpt":{"rendered":"<p>Og\u0142oszenia parafialne \u2013\u00a0V\u00a0Niedziela Wielkiego Postu-\u00a022.03.2026r.\u00a0 \u00a0 \u015aroda\u00a0\u2013 uroczysto\u015b\u0107\u00a0Zwiastowania Pa\u0144skiego\u00a0 Rozpoczynamy dzi\u015b\u00a0nasze rekolekcje wielkopostne.\u00a0Witamy serdecznie naszego rekolekcjonist\u0119 \u2013 jest nim ks. [&hellip;]<\/p>\n","protected":false},"author":1,"featured_media":317,"comment_status":"closed","ping_status":"closed","sticky":false,"template":"","format":"standard","meta":{"site-sidebar-layout":"default","site-content-layout":"","ast-site-content-layout":"default","site-content-style":"default","site-sidebar-style":"default","ast-global-header-display":"","ast-banner-title-visibility":"","ast-main-header-display":"","ast-hfb-above-header-display":"","ast-hfb-below-header-display":"","ast-hfb-mobile-header-display":"","site-post-title":"","ast-breadcrumbs-content":"","ast-featured-img":"","footer-sml-layout":"","theme-transparent-header-meta":"","adv-header-id-meta":"","stick-header-meta":"","header-above-stick-meta":"","header-main-stick-meta":"","header-below-stick-meta":"","astra-migrate-meta-layouts":"default","ast-page-background-enabled":"default","ast-page-background-meta":{"desktop":{"background-color":"var(--ast-global-color-5)","background-image":"","background-repeat":"repeat","background-position":"center center","background-size":"auto","background-attachment":"scroll","background-type":"","background-media":"","overlay-type":"","overlay-color":"","overlay-opacity":"","overlay-gradient":""},"tablet":{"background-color":"","background-image":"","background-repeat":"repeat","background-position":"center center","background-size":"auto","background-attachment":"scroll","background-type":"","background-media":"","overlay-type":"","overlay-color":"","overlay-opacity":"","overlay-gradient":""},"mobile":{"background-color":"","background-image":"","background-repeat":"repeat","background-position":"center center","background-size":"auto","background-attachment":"scroll","background-type":"","background-media":"","overlay-type":"","overlay-color":"","overlay-opacity":"","overlay-gradient":""}},"ast-content-background-meta":{"desktop":{"background-color":"var(--ast-global-color-4)","background-image":"","background-repeat":"repeat","background-position":"center center","background-size":"auto","background-attachment":"scroll","background-type":"","background-media":"","overlay-type":"","overlay-color":"","overlay-opacity":"","overlay-gradient":""},"tablet":{"background-color":"var(--ast-global-color-4)","background-image":"","background-repeat":"repeat","background-position":"center center","background-size":"auto","background-attachment":"scroll","background-type":"","background-media":"","overlay-type":"","overlay-color":"","overlay-opacity":"","overlay-gradient":""},"mobile":{"background-color":"var(--ast-global-color-4)","background-image":"","background-repeat":"repeat","background-position":"center center","background-size":"auto","background-attachment":"scroll","background-type":"","background-media":"","overlay-type":"","overlay-color":"","overlay-opacity":"","overlay-gradient":""}},"footnotes":""},"categories":[9],"tags":[],"post_folder":[],"class_list":["post-511","post","type-post","status-publish","format-standard","has-post-thumbnail","hentry","category-ogloszenia"],"_links":{"self":[{"href":"http:\/\/parafiaturobin.pl\/index.php\/wp-json\/wp\/v2\/posts\/511","targetHints":{"allow":["GET"]}}],"collection":[{"href":"http:\/\/parafiaturobin.pl\/index.php\/wp-json\/wp\/v2\/posts"}],"about":[{"href":"http:\/\/parafiaturobin.pl\/index.php\/wp-json\/wp\/v2\/types\/post"}],"author":[{"embeddable":true,"href":"http:\/\/parafiaturobin.pl\/index.php\/wp-json\/wp\/v2\/users\/1"}],"replies":[{"embeddable":true,"href":"http:\/\/parafiaturobin.pl\/index.php\/wp-json\/wp\/v2\/comments?post=511"}],"version-history":[{"count":6,"href":"http:\/\/parafiaturobin.pl\/index.php\/wp-json\/wp\/v2\/posts\/511\/revisions"}],"predecessor-version":[{"id":517,"href":"http:\/\/parafiaturobin.pl\/index.php\/wp-json\/wp\/v2\/posts\/511\/revisions\/517"}],"wp:featuredmedia":[{"embeddable":true,"href":"http:\/\/parafiaturobin.pl\/index.php\/wp-json\/wp\/v2\/media\/317"}],"wp:attachment":[{"href":"http:\/\/parafiaturobin.pl\/index.php\/wp-json\/wp\/v2\/media?parent=511"}],"wp:term":[{"taxonomy":"category","embeddable":true,"href":"http:\/\/parafiaturobin.pl\/index.php\/wp-json\/wp\/v2\/categories?post=511"},{"taxonomy":"post_tag","embeddable":true,"href":"http:\/\/parafiaturobin.pl\/index.php\/wp-json\/wp\/v2\/tags?post=511"},{"taxonomy":"post_folder","embeddable":true,"href":"http:\/\/parafiaturobin.pl\/index.php\/wp-json\/wp\/v2\/post_folder?post=511"}],"curies":[{"name":"wp","href":"https:\/\/api.w.org\/{rel}","templated":true}]}}