{"id":540,"date":"2026-04-05T20:52:02","date_gmt":"2026-04-05T18:52:02","guid":{"rendered":"https:\/\/parafiaturobin.pl\/?p=540"},"modified":"2026-04-05T20:54:28","modified_gmt":"2026-04-05T18:54:28","slug":"ogloszenia-parafialne-poniedzialek-wielkanocny-06-04-2026r","status":"publish","type":"post","link":"http:\/\/parafiaturobin.pl\/index.php\/2026\/04\/05\/ogloszenia-parafialne-poniedzialek-wielkanocny-06-04-2026r\/","title":{"rendered":"Og\u0142oszenia parafialne \u2013 Poniedzia\u0142ek Wielkanocny- 06.04.2026r."},"content":{"rendered":"\t\t<div data-elementor-type=\"wp-post\" data-elementor-id=\"540\" class=\"elementor elementor-540\" data-elementor-post-type=\"post\">\n\t\t\t\t<div class=\"elementor-element elementor-element-70930e80 e-flex e-con-boxed e-con e-parent\" data-id=\"70930e80\" data-element_type=\"container\" data-e-type=\"container\">\n\t\t\t\t\t<div class=\"e-con-inner\">\n\t\t\t\t<div class=\"elementor-element elementor-element-bf17931 elementor-widget elementor-widget-text-editor\" data-id=\"bf17931\" data-element_type=\"widget\" data-e-type=\"widget\" data-widget_type=\"text-editor.default\">\n\t\t\t\t\t\t\t\t\t<p>Og\u0142oszenia parafialne \u2013 Poniedzia\u0142ek Wielkanocny- 06.04.2026r.<\/p><p>1. Ofiary z\u0142o\u017cone na tac\u0119 przeznaczone s\u0105 na Katolicki Uniwersytet Lubelski. B\u00f3g zap\u0142a\u0107 wszystkim ofiarodawcom.<br \/>2. Od wtorku do pi\u0105tku Nowenna do Mi\u0142osierdzia Bo\u017cego przed pierwsz\u0105 msz\u0105 o godz. 6.45, a w sobot\u0119 przed msz\u0105 wieczorn\u0105.<br \/>3. We wtorek o godz. 10.00 msza \u015bw. za zmar\u0142ych na cmentarzu \u2013 tzw. EMAUSY. Ofiary z\u0142o\u017cone na tac\u0119 przeznaczone b\u0119d\u0105 na wyw\u00f3z \u015bmieci z cmentarza.<br \/>4. Obecny tydzie\u0144 to oktawa Wielkanocy, w zwi\u0105zku z tym w pi\u0105tek nie obowi\u0105zuje post.<br \/>5. W pi\u0105tek spotkanie wszystkich kandydat\u00f3w do bierzmowania w sali na plebanii o godz. 17.00.<br \/>6. Za tydzie\u0144 Niedziela Mi\u0142osierdzia Bo\u017cego ko\u0144cz\u0105ca oktaw\u0119 Wielkanocy \u2013 \u015bwi\u0119to patronalne Caritas. W kaplicach po mszach \u015bw. odb\u0119d\u0105 si\u0119 procesje eucharystyczne. Ofiary sk\u0142adane do puszek przeznaczone b\u0119d\u0105 na potrzeby Caritas. Po mszy \u015bw. z godz. 10.00 spotkanie wielkanocne Rady Duszpasterskiej.<br \/>7. B\u00f3g zap\u0142a\u0107 za wszelk\u0105 pomoc okazan\u0105 w ostatnich dniach: Liturgicznej S\u0142u\u017cbie O\u0142tarza \u2013 ministrantom i lektorom, p. Dorocie i Anio\u0142kom \u015bw. Dominika, szafarzom, p. Krzysztofowi \u2013 organi\u015bcie i ch\u00f3rowi Oremus, p. Leszkowi \u2013 ko\u015bcielnemu, p. Teodozji, p. Andrzejowi Snopkowi i scholi Di Cantare, wszystkim, kt\u00f3rzy zaanga\u017cowali si\u0119 przy wykonywaniu dekoracji w ko\u015bciele, szczeg\u00f3lnie dzi\u0119kujemy ks. Krzysztofowi za ten przepi\u0119kny Gr\u00f3b Pa\u0144ski i wielkie zaanga\u017cowanie i wszystkim ludziom dobrej woli, stra\u017cakom z jednostek OSP z naszej parafii za wart\u0119 przy Grobie Pa\u0144skim. Dzi\u0119kujemy wszystkim, kt\u00f3rzy trwali na adoracji Naj\u015bwi\u0119tszego Sakramentu.<br \/>8. Zapowiedzi przedma\u0142\u017ce\u0144skie:<br \/>\u2022 Aleksandra CZY\u017bEWSKA, par. tut. oraz Adrian BUCZKOWSKI, par. tut. Zapowied\u017a pierwsza.<br \/>\u2022 Edyta Marta RYCERZ, par. tut. oraz Grzegorz KOWALCZYK, par. pw. \u015bw. Anny w Kijanach. Zapowied\u017a pierwsza.<br \/>\u2022 Kinga LEGIE\u0106, par. tut. oraz Karol KRYK, par. tut. Zapowied\u017a pierwsza.<br \/>9. Ca\u0142y czas dost\u0119pny jest najnowszy numer Dominika Turobi\u0144skiego w cenie 15 z\u0142. <br \/>10. Na stoliku pod ambon\u0105 jest wy\u0142o\u017cona prasa katolicka, Niedziela, Go\u015b\u0107 Niedzielny, Ma\u0142y Go\u015b\u0107 Niedzielny \u2013 zach\u0119camy do zakupu.<br \/>11. Po\u017cegnali\u015bmy z naszej wsp\u00f3lnoty:<br \/>\u2022 \u015ap. Teodora (f) Walaszek, l. 92, Przedmie\u015bcie (pogrzeb we wtorek o g. 14.00 \u2013 r\u00f3\u017caniec)<\/p>\t\t\t\t\t\t\t\t<\/div>\n\t\t\t\t\t<\/div>\n\t\t\t\t<\/div>\n\t\t\t\t<\/div>\n\t\t","protected":false},"excerpt":{"rendered":"<p>Og\u0142oszenia parafialne \u2013 Poniedzia\u0142ek Wielkanocny- 06.04.2026r. 1. Ofiary z\u0142o\u017cone na tac\u0119 przeznaczone s\u0105 na Katolicki Uniwersytet Lubelski. B\u00f3g zap\u0142a\u0107 wszystkim [&hellip;]<\/p>\n","protected":false},"author":2,"featured_media":317,"comment_status":"closed","ping_status":"closed","sticky":false,"template":"","format":"standard","meta":{"site-sidebar-layout":"default","site-content-layout":"","ast-site-content-layout":"default","site-content-style":"default","site-sidebar-style":"default","ast-global-header-display":"","ast-banner-title-visibility":"","ast-main-header-display":"","ast-hfb-above-header-display":"","ast-hfb-below-header-display":"","ast-hfb-mobile-header-display":"","site-post-title":"","ast-breadcrumbs-content":"","ast-featured-img":"","footer-sml-layout":"","theme-transparent-header-meta":"","adv-header-id-meta":"","stick-header-meta":"","header-above-stick-meta":"","header-main-stick-meta":"","header-below-stick-meta":"","astra-migrate-meta-layouts":"default","ast-page-background-enabled":"default","ast-page-background-meta":{"desktop":{"background-color":"var(--ast-global-color-5)","background-image":"","background-repeat":"repeat","background-position":"center center","background-size":"auto","background-attachment":"scroll","background-type":"","background-media":"","overlay-type":"","overlay-color":"","overlay-opacity":"","overlay-gradient":""},"tablet":{"background-color":"","background-image":"","background-repeat":"repeat","background-position":"center center","background-size":"auto","background-attachment":"scroll","background-type":"","background-media":"","overlay-type":"","overlay-color":"","overlay-opacity":"","overlay-gradient":""},"mobile":{"background-color":"","background-image":"","background-repeat":"repeat","background-position":"center center","background-size":"auto","background-attachment":"scroll","background-type":"","background-media":"","overlay-type":"","overlay-color":"","overlay-opacity":"","overlay-gradient":""}},"ast-content-background-meta":{"desktop":{"background-color":"var(--ast-global-color-4)","background-image":"","background-repeat":"repeat","background-position":"center center","background-size":"auto","background-attachment":"scroll","background-type":"","background-media":"","overlay-type":"","overlay-color":"","overlay-opacity":"","overlay-gradient":""},"tablet":{"background-color":"var(--ast-global-color-4)","background-image":"","background-repeat":"repeat","background-position":"center center","background-size":"auto","background-attachment":"scroll","background-type":"","background-media":"","overlay-type":"","overlay-color":"","overlay-opacity":"","overlay-gradient":""},"mobile":{"background-color":"var(--ast-global-color-4)","background-image":"","background-repeat":"repeat","background-position":"center center","background-size":"auto","background-attachment":"scroll","background-type":"","background-media":"","overlay-type":"","overlay-color":"","overlay-opacity":"","overlay-gradient":""}},"footnotes":""},"categories":[9],"tags":[],"post_folder":[],"class_list":["post-540","post","type-post","status-publish","format-standard","has-post-thumbnail","hentry","category-ogloszenia"],"_links":{"self":[{"href":"http:\/\/parafiaturobin.pl\/index.php\/wp-json\/wp\/v2\/posts\/540","targetHints":{"allow":["GET"]}}],"collection":[{"href":"http:\/\/parafiaturobin.pl\/index.php\/wp-json\/wp\/v2\/posts"}],"about":[{"href":"http:\/\/parafiaturobin.pl\/index.php\/wp-json\/wp\/v2\/types\/post"}],"author":[{"embeddable":true,"href":"http:\/\/parafiaturobin.pl\/index.php\/wp-json\/wp\/v2\/users\/2"}],"replies":[{"embeddable":true,"href":"http:\/\/parafiaturobin.pl\/index.php\/wp-json\/wp\/v2\/comments?post=540"}],"version-history":[{"count":7,"href":"http:\/\/parafiaturobin.pl\/index.php\/wp-json\/wp\/v2\/posts\/540\/revisions"}],"predecessor-version":[{"id":559,"href":"http:\/\/parafiaturobin.pl\/index.php\/wp-json\/wp\/v2\/posts\/540\/revisions\/559"}],"wp:featuredmedia":[{"embeddable":true,"href":"http:\/\/parafiaturobin.pl\/index.php\/wp-json\/wp\/v2\/media\/317"}],"wp:attachment":[{"href":"http:\/\/parafiaturobin.pl\/index.php\/wp-json\/wp\/v2\/media?parent=540"}],"wp:term":[{"taxonomy":"category","embeddable":true,"href":"http:\/\/parafiaturobin.pl\/index.php\/wp-json\/wp\/v2\/categories?post=540"},{"taxonomy":"post_tag","embeddable":true,"href":"http:\/\/parafiaturobin.pl\/index.php\/wp-json\/wp\/v2\/tags?post=540"},{"taxonomy":"post_folder","embeddable":true,"href":"http:\/\/parafiaturobin.pl\/index.php\/wp-json\/wp\/v2\/post_folder?post=540"}],"curies":[{"name":"wp","href":"https:\/\/api.w.org\/{rel}","templated":true}]}}