{"id":587,"date":"2026-04-25T20:31:05","date_gmt":"2026-04-25T18:31:05","guid":{"rendered":"https:\/\/parafiaturobin.pl\/?p=587"},"modified":"2026-04-25T20:35:47","modified_gmt":"2026-04-25T18:35:47","slug":"ogloszenia-parafialne-iv-niedziela-wielkanocy-26-04-2026-r","status":"publish","type":"post","link":"https:\/\/parafiaturobin.pl\/index.php\/2026\/04\/25\/ogloszenia-parafialne-iv-niedziela-wielkanocy-26-04-2026-r\/","title":{"rendered":"Og\u0142oszenia parafialne &#8211; IV Niedziela Wielkanocy &#8211; 26.04.2026 r."},"content":{"rendered":"\t\t<div data-elementor-type=\"wp-post\" data-elementor-id=\"587\" class=\"elementor elementor-587\" data-elementor-post-type=\"post\">\n\t\t\t\t<div class=\"elementor-element elementor-element-3296daec e-flex e-con-boxed e-con e-parent\" data-id=\"3296daec\" data-element_type=\"container\" data-e-type=\"container\">\n\t\t\t\t\t<div class=\"e-con-inner\">\n\t\t\t\t<div class=\"elementor-element elementor-element-29b1f536 elementor-widget elementor-widget-text-editor\" data-id=\"29b1f536\" data-element_type=\"widget\" data-e-type=\"widget\" data-widget_type=\"text-editor.default\">\n\t\t\t\t\t\t\t\t\t<p><strong>Og\u0142oszenia parafialne \u2013 IV Niedziela Wielkanocy &#8211; 26.04.2026r.<\/strong><\/p><p><strong>\u015aroda <\/strong>\u2013 \u015bwi\u0119to \u015aw. Katarzyny Siene\u0144skiej, doktor Ko\u015bcio\u0142a, patronki Europy<\/p><p><strong>Pi\u0105tek <\/strong>\u2013 wspomnienie \u015bw. J\u00f3zefa, rzemie\u015blnika<\/p><p><strong>Sobota <\/strong>\u2013 uroczysto\u015b\u0107 Naj\u015bwi\u0119tszej Maryi Panny, Kr\u00f3lowej Polski, g\u0142\u00f3wnej patronki Polski<\/p><p>\u00a0<\/p><ol><li>Dzisiejsza niedziela \u2013 tzw. Niedziela Dobrego Pasterza rozpoczyna \u2013 trwaj\u0105ce do 2 maja \u2013 kwartalne dni modlitw o powo\u0142ania kap\u0142a\u0144skie i zakonne. O godz. 10.00 msza \u015bw. o Bo\u017ce b\u0142ogos\u0142awie\u0144stwo i \u015bwiat\u0142o Ducha \u015awi\u0119tego dla maturzyst\u00f3w.<\/li><li>Po mszy \u015bw. z godz. 10.00 spotkanie wielkanocne Wsp\u00f3lnoty Krwi Chrystusa.<\/li><li>Ofiary, kt\u00f3re sk\u0142adamy dzisiaj na tac\u0119 przeznaczone s\u0105 na Metropolitalne Seminarium Duchowne w Lublinie. Ofiary z\u0142o\u017cone do puszek przeznaczone s\u0105 na Wakacyjne Dzie\u0142o Pomocy Dzieciom <em>Nadzieja Rado\u015bci.<\/em> B\u00f3g zap\u0142a\u0107 wszystkim ofiarodawcom.<\/li><li>We wtorek, \u015brod\u0119 i czwartek o g. 18.00 \u2013 zapraszamy na spotkania dzieci przygotowuj\u0105ce si\u0119 do I Komunii \u015aw.<\/li><li>W dniach 1-3 maja w naszej parafii odb\u0119dzie si\u0119 renowacja misji \u015bwi\u0119tych. Program wywieszony jest w gablocie og\u0142osze\u0144. Msze \u015bw. w te dni sprawowane b\u0119d\u0105 w ko\u015bciele o godz. <strong>00, 10.00 i 16.00<\/strong> (Prosimy o kontakt tych, kt\u00f3rzy na <br \/>1 i 2 maja maj\u0105 zam\u00f3wione msze \u015bw.). Przed mszami o godz. 7.45 i 9.45 b\u0119dziemy modli\u0107 si\u0119 Koronk\u0105 do Bo\u017cego Mi\u0142osierdzia. W kaplicach msze b\u0119d\u0105 <br \/>o godz. <strong>8.00 w Hucie, <\/strong>o godz.<strong> 9.30 w Tarnawie i <\/strong>o godz.<strong> 11.00 w Guz\u00f3wce<\/strong>. Zapraszamy wszystkich parafian do udzia\u0142u w tym wydarzeniu, co b\u0119dzie okazj\u0105 do ponownego odkrycia mi\u0142o\u015bci do Boga i odnowienia z Nim wi\u0119zi. W tym roku decyzj\u0105 Episkopatu uroczysto\u015b\u0107 Naj\u015bw. Maryi Panny Kr\u00f3lowej Polski zosta\u0142a przeniesiona na sobot\u0119, 2 maja.<\/li><li>Niedziela za tydzie\u0144 to I niedziela miesi\u0105ca i \u015awi\u0119to Narodowe Trzeciego Maja. Po mszy \u015bw. z godz. 8.00 wystawienie Naj\u015bwi\u0119tszego Sakramentu do godz. 9.50 i zmiana tajemnic r\u00f3\u017ca\u0144cowych. O godz. 10.00 msza \u015bw. zbiorowa za wstawiennictwem \u015bw. Dominika i nabo\u017ce\u0144stwo oraz msza \u015bw. w intencji Ojczyzny. Po mszy \u015bw. za Ojczyzn\u0119 zapraszamy na dalsz\u0105 cz\u0119\u015b\u0107 uroczysto\u015bci <br \/>w parku.<\/li><li>W pi\u0105tek rozpoczniemy miesi\u0105c maj \u2013 po\u015bwi\u0119cony Matce Bo\u017cej. Codziennie b\u0119dziemy si\u0119 gromadzi\u0107 na mszy \u015bw. i nabo\u017ce\u0144stwie majowym. W dniach 1-3 maja w naszym ko\u015bciele nabo\u017ce\u0144stwo majowe b\u0119dzie sprawowane o godz. 15.30. Serdecznie zapraszamy i zach\u0119camy do podtrzymywania tradycji nabo\u017ce\u0144stw przy figurach i na wioskach.<\/li><li>W tym tygodniu uroczysto\u015bci odpustowe w naszym dekanacie prze\u017cywa\u0107 b\u0119d\u0105 parafie Rudnik \u2013 26 kwietnia i Zakrzew \u2013 1 maja.<\/li><li>Ksi\u0105dz arcybiskup Stanis\u0142aw Budzik udzieli\u0142 dyspensy od zachowania wstrzemi\u0119\u017aliwo\u015bci od spo\u017cywania pokarm\u00f3w mi\u0119snych w pi\u0105tek, 1 maja.<\/li><li>Sk\u0142adamy serdeczne B\u00f3g zap\u0142a\u0107 za ofiary z\u0142o\u017cone na tac\u0119 inwestycyjn\u0105 \u2013 zebrali\u015bmy 4095 z\u0142 50 gr.<\/li><li>Dzi\u0119kujemy te\u017c za ofiary na wyw\u00f3z \u015bmieci z cmentarza:<\/li><\/ol><ul><li>370 z\u0142 \u2013 Eliz\u00f3wka \u2013 zbiera\u0142a p. Patrycja Rudkowska<\/li><li>480 z\u0142 \u2013 Eliz\u00f3wka \u2013 zbiera\u0142 p. Roman \u015amiech<\/li><li>750 z\u0142 \u2013 Turobin bloki \u2013 zbiera\u0142a p. Roma Pyter<\/li><li>1300 z\u0142 \u2013 Tarnawa Ma\u0142a \u2013 zbiera\u0142a p. Danuta Chmielewska<\/li><li>680 z\u0142 \u2013 \u017babno od lasu \u2013 zbiera\u0142 p. Tomasz \u0141upina<\/li><li>320 z\u0142 \u2013 Eliz\u00f3wka \u2013 zbiera\u0142 p. Stanis\u0142aw Bratos<\/li><li>780 z\u0142 \u2013 Kol. Guz\u00f3wka przy szosie<\/li><\/ul><ol start=\"12\"><li>Na stoliku pod ambon\u0105 jest wy\u0142o\u017cona prasa katolicka \u2013 <em>Niedziela, Go\u015b\u0107 Niedzielny, Ma\u0142y Go\u015b\u0107 Niedzielny <\/em>\u2013 zach\u0119camy do zakupu.<\/li><li>W sobot\u0119, 9 maja w parafii Mi\u0142osierdzia Bo\u017cego o godz. 10.30 odb\u0119d\u0105 si\u0119 \u015bwi\u0119cenia naszego kleryka Jakuba Olecha na diakona. W zwi\u0105zku z tym organizujemy wyjazd na t\u0119 uroczysto\u015b\u0107. Osoby ch\u0119tne prosimy o zg\u0142aszanie si\u0119 do zakrystii.<\/li><li>Osoby, kt\u00f3re zapisa\u0142y si\u0119 na pielgrzymk\u0119 do Medjugorie proszone s\u0105 o kontakt z ks. Mirkiem. Zaliczka \u2013 500 z\u0142 od osoby.<\/li><li>Tydzie\u0144 temu zbierane by\u0142y ofiary do puszek na pomoc dla Zuzanny Krzy\u017canowskiej. Zuzanna wraz z rodzicami i dziadkami przes\u0142ali podzi\u0119kowania za wsparcie, \u017cyczliwo\u015b\u0107 i ogromne serce. Czytamy tam m. in.: \u201eDzi\u0119ki pa\u0144stwa pomocy mam szans\u0119 na dalsze leczenie oraz powr\u00f3t do samodzielnego funkcjonowania. To w\u0142a\u015bnie dzi\u0119ki takim ludziom jak Wy pojawia si\u0119 nadzieja i wiara w lepsze jutro\u201d.<\/li><li>W dniach 28 i 29 kwietnia (wtorek i \u015broda) odb\u0119dzie si\u0119 wydawanie \u017cywno\u015bci z <em>Caritasu<\/em>.<\/li><li>B\u00f3g zap\u0142a\u0107 za kwiaty do ko\u015bcio\u0142a \u2013 s\u0105 one darem nowo\u017ce\u0144c\u00f3w Mileny i \u0141ukasza, dzi\u0119kujemy r\u00f3wnie\u017c za bukiet r\u00f3\u017c \u2013 dar z okazji 40 \u2013 lecia \u015blubu pp. Aliny i Tadeusza Tylus.<\/li><li>Po\u017cegnali\u015bmy z naszej wsp\u00f3lnoty:<\/li><\/ol><ul><li>\u015ap. Danuta \u0141o\u015b, l. 84, \u017babno<\/li><\/ul>\t\t\t\t\t\t\t\t<\/div>\n\t\t\t\t\t<\/div>\n\t\t\t\t<\/div>\n\t\t\t\t<\/div>\n\t\t","protected":false},"excerpt":{"rendered":"<p>Og\u0142oszenia parafialne \u2013 IV Niedziela Wielkanocy &#8211; 26.04.2026r. \u015aroda \u2013 \u015bwi\u0119to \u015aw. Katarzyny Siene\u0144skiej, doktor Ko\u015bcio\u0142a, patronki Europy Pi\u0105tek \u2013 [&hellip;]<\/p>\n","protected":false},"author":2,"featured_media":0,"comment_status":"closed","ping_status":"","sticky":false,"template":"","format":"standard","meta":{"site-sidebar-layout":"default","site-content-layout":"","ast-site-content-layout":"default","site-content-style":"default","site-sidebar-style":"default","ast-global-header-display":"","ast-banner-title-visibility":"","ast-main-header-display":"","ast-hfb-above-header-display":"","ast-hfb-below-header-display":"","ast-hfb-mobile-header-display":"","site-post-title":"","ast-breadcrumbs-content":"","ast-featured-img":"","footer-sml-layout":"","theme-transparent-header-meta":"","adv-header-id-meta":"","stick-header-meta":"","header-above-stick-meta":"","header-main-stick-meta":"","header-below-stick-meta":"","astra-migrate-meta-layouts":"default","ast-page-background-enabled":"default","ast-page-background-meta":{"desktop":{"background-color":"var(--ast-global-color-5)","background-image":"","background-repeat":"repeat","background-position":"center center","background-size":"auto","background-attachment":"scroll","background-type":"","background-media":"","overlay-type":"","overlay-color":"","overlay-opacity":"","overlay-gradient":""},"tablet":{"background-color":"","background-image":"","background-repeat":"repeat","background-position":"center center","background-size":"auto","background-attachment":"scroll","background-type":"","background-media":"","overlay-type":"","overlay-color":"","overlay-opacity":"","overlay-gradient":""},"mobile":{"background-color":"","background-image":"","background-repeat":"repeat","background-position":"center center","background-size":"auto","background-attachment":"scroll","background-type":"","background-media":"","overlay-type":"","overlay-color":"","overlay-opacity":"","overlay-gradient":""}},"ast-content-background-meta":{"desktop":{"background-color":"var(--ast-global-color-4)","background-image":"","background-repeat":"repeat","background-position":"center center","background-size":"auto","background-attachment":"scroll","background-type":"","background-media":"","overlay-type":"","overlay-color":"","overlay-opacity":"","overlay-gradient":""},"tablet":{"background-color":"var(--ast-global-color-4)","background-image":"","background-repeat":"repeat","background-position":"center center","background-size":"auto","background-attachment":"scroll","background-type":"","background-media":"","overlay-type":"","overlay-color":"","overlay-opacity":"","overlay-gradient":""},"mobile":{"background-color":"var(--ast-global-color-4)","background-image":"","background-repeat":"repeat","background-position":"center center","background-size":"auto","background-attachment":"scroll","background-type":"","background-media":"","overlay-type":"","overlay-color":"","overlay-opacity":"","overlay-gradient":""}},"footnotes":""},"categories":[9],"tags":[],"post_folder":[],"class_list":["post-587","post","type-post","status-publish","format-standard","hentry","category-ogloszenia"],"_links":{"self":[{"href":"https:\/\/parafiaturobin.pl\/index.php\/wp-json\/wp\/v2\/posts\/587","targetHints":{"allow":["GET"]}}],"collection":[{"href":"https:\/\/parafiaturobin.pl\/index.php\/wp-json\/wp\/v2\/posts"}],"about":[{"href":"https:\/\/parafiaturobin.pl\/index.php\/wp-json\/wp\/v2\/types\/post"}],"author":[{"embeddable":true,"href":"https:\/\/parafiaturobin.pl\/index.php\/wp-json\/wp\/v2\/users\/2"}],"replies":[{"embeddable":true,"href":"https:\/\/parafiaturobin.pl\/index.php\/wp-json\/wp\/v2\/comments?post=587"}],"version-history":[{"count":3,"href":"https:\/\/parafiaturobin.pl\/index.php\/wp-json\/wp\/v2\/posts\/587\/revisions"}],"predecessor-version":[{"id":590,"href":"https:\/\/parafiaturobin.pl\/index.php\/wp-json\/wp\/v2\/posts\/587\/revisions\/590"}],"wp:attachment":[{"href":"https:\/\/parafiaturobin.pl\/index.php\/wp-json\/wp\/v2\/media?parent=587"}],"wp:term":[{"taxonomy":"category","embeddable":true,"href":"https:\/\/parafiaturobin.pl\/index.php\/wp-json\/wp\/v2\/categories?post=587"},{"taxonomy":"post_tag","embeddable":true,"href":"https:\/\/parafiaturobin.pl\/index.php\/wp-json\/wp\/v2\/tags?post=587"},{"taxonomy":"post_folder","embeddable":true,"href":"https:\/\/parafiaturobin.pl\/index.php\/wp-json\/wp\/v2\/post_folder?post=587"}],"curies":[{"name":"wp","href":"https:\/\/api.w.org\/{rel}","templated":true}]}}