{"id":594,"date":"2026-05-02T21:37:46","date_gmt":"2026-05-02T19:37:46","guid":{"rendered":"https:\/\/parafiaturobin.pl\/?p=594"},"modified":"2026-05-02T21:40:10","modified_gmt":"2026-05-02T19:40:10","slug":"ogloszenia-parafialne-5-niedziela-wielkanocy","status":"publish","type":"post","link":"https:\/\/parafiaturobin.pl\/index.php\/2026\/05\/02\/ogloszenia-parafialne-5-niedziela-wielkanocy\/","title":{"rendered":"Og\u0142oszenia parafialne &#8211; 5 Niedziela Wielkanocy &#8211;"},"content":{"rendered":"\t\t<div data-elementor-type=\"wp-post\" data-elementor-id=\"594\" class=\"elementor elementor-594\" data-elementor-post-type=\"post\">\n\t\t\t\t<div class=\"elementor-element elementor-element-1cc03b93 e-flex e-con-boxed e-con e-parent\" data-id=\"1cc03b93\" data-element_type=\"container\" data-e-type=\"container\">\n\t\t\t\t\t<div class=\"e-con-inner\">\n\t\t\t\t<div class=\"elementor-element elementor-element-180fa23b elementor-widget elementor-widget-text-editor\" data-id=\"180fa23b\" data-element_type=\"widget\" data-e-type=\"widget\" data-widget_type=\"text-editor.default\">\n\t\t\t\t\t\t\t\t\t<p><strong>Og\u0142oszenia parafialne \u2013 V Niedziela Wielkanocy \u2013 03.05.2026r.<\/strong><\/p><p><strong>\u015aroda <\/strong>\u2013 \u015bwi\u0119to \u015awi\u0119tych Filipa i Jakuba, aposto\u0142\u00f3w<\/p><p><strong>Pi\u0105tek <\/strong>\u2013 uroczysto\u015b\u0107 \u015aw. Stanis\u0142awa, biskupa, m\u0119czennika, g\u0142\u00f3wnego patrona Polski<\/p><ol><li>Dzisiejsza niedziela to ostatni dzie\u0144 renowacji misji \u015bwi\u0119tych, prowadzonych przez o. J\u00f3zefa i o. Andrzeja. Jest to r\u00f3wnie\u017c I niedziela miesi\u0105ca i \u015awi\u0119to Narodowe Trzeciego Maja. Po mszy \u015bw. z godz. 8.00 wystawienie Naj\u015bwi\u0119tszego Sakramentu do godz. 9.50 i zmiana tajemnic r\u00f3\u017ca\u0144cowych. O godz. 10.00 msza \u015bw. zbiorowa za wstawiennictwem \u015bw. Dominika i nabo\u017ce\u0144stwo oraz msza \u015bw. w intencji Ojczyzny. Po mszy \u015bw. za Ojczyzn\u0119 zapraszamy na dalsz\u0105 cz\u0119\u015b\u0107 uroczysto\u015bci w parku.<\/li><li>Od poniedzia\u0142ku, codziennie po mszy \u015bw. z godz. 18.00 odbywa\u0142y si\u0119 b\u0119d\u0105 pr\u00f3by przed I Komuni\u0105 \u015awi\u0119t\u0105. W pi\u0105tek od godz. 17.20 spowied\u017a dzieci, rodzic\u00f3w i rodzic\u00f3w chrzestnych, a podczas mszy odnowienie przyrzecze\u0144 chrzcielnych.<\/li><li>W pi\u0105tek ze wzgl\u0119du na uroczysto\u015b\u0107 \u015bw. Stanis\u0142awa nie obowi\u0105zuje post. O godz. 18.00 msza \u015bw. zbiorowa za zmar\u0142ych Stanis\u0142aw\u00f3w i Stanis\u0142awy \u2013 prosimy o zg\u0142aszanie intencji. W parafii Czerni\u0119cin \u2013 odpust.<\/li><li>W sobot\u0119, 9 maja w parafii Mi\u0142osierdzia Bo\u017cego w Lublinie o godz. 10.30 odb\u0119d\u0105 si\u0119 \u015bwi\u0119cenia diakonatu naszego kleryka Jakuba Olecha. W zwi\u0105zku z tym organizujemy wyjazd na t\u0119 uroczysto\u015b\u0107. Osoby ch\u0119tne prosimy o zg\u0142aszanie si\u0119 do zakrystii.<\/li><li>W niedziel\u0119, za tydzie\u0144 porz\u0105dek mszy \u015bw. w ko\u015bciele \u2013 8.00, 10.00, 12.00 i 16.00, w kaplicach \u2013 <strong>Huta o godz. 7.00, Tarnawa o godz. 7.00, Guz\u00f3wka o godz. 8.00.<\/strong> O godz. 12.00 uroczysto\u015b\u0107 I Komunii \u015awi\u0119tej, o godz. 10.00 msza \u015bw. w intencji stra\u017cak\u00f3w. Ofiary z\u0142o\u017cone na tac\u0119 \u2013 b\u0119dzie to tzw. taca inwestycyjna. W parafii Gie\u0142czew \u2013 odpust.<\/li><li>Zapraszamy na nabo\u017ce\u0144stwa majowe \u2013 w ko\u015bciele w dni powszednie o godz. 18.00, w niedziele o godz. 15.30, w kaplicach i na wioskach wed\u0142ug ustale\u0144 mieszka\u0144c\u00f3w.<\/li><li>Zapowiedzi przedma\u0142\u017ce\u0144skie:<\/li><\/ol><ul><li>Marlena ZIELONKA, par. tut. oraz Dariusz SZYMULA, par. pw. \u015bw. Wawrzy\u0144ca w Czerniejowie. Zapowied\u017a pierwsza.<\/li><\/ul><ol start=\"8\"><li>B\u00f3g zap\u0142a\u0107 za ofiary na wyw\u00f3z \u015bmieci z cmentarza:<\/li><\/ol><ul><li>670 z\u0142 \u2013 Zagroble \u2013 zbierali p. J\u00f3zef Jarosz i p. Andrzej Zdybel<\/li><li>1050 z\u0142 \u2013 Guz\u00f3wka \u2013 zbierali p. Stanis\u0142aw Bartosiewicz i p. Marek Zdybel<\/li><li>1360 z\u0142 \u2013 Tokary \u2013 zbiera\u0142 p. Stanis\u0142aw Kwietniewski<\/li><li>1440 z\u0142 \u2013 Kol. Guz\u00f3wka podtorze \u2013 zbierali p. Zbigniew \u0141ata i p. Mieczys\u0142aw Olech<\/li><li>870 z\u0142 \u2013 Za\u0142awcze \u2013 zbierali p. Stanis\u0142aw Bida i p. Krzysztof Dziewa<\/li><li>4840 z\u0142 \u2013 Turobin \u2013 zbiera\u0142 p. Ryszard Wo\u017anica<\/li><\/ul><ol start=\"9\"><li>Ofiary sk\u0142adane do puszek przez ca\u0142y miesi\u0105c maj przeznaczone s\u0105 na Wakacyjne Dzie\u0142o Pomocy Dzieciom <em>Nadzieja Rado\u015bci.<\/em><\/li><li>Osoby, kt\u00f3re zapisa\u0142y si\u0119 na pielgrzymk\u0119 do Medjugorie proszone s\u0105 o kontakt z ks. Mirkiem. Zaliczka \u2013 500 z\u0142 od osoby.<\/li><li>Na stoliku pod ambon\u0105 jest wy\u0142o\u017cona prasa katolicka \u2013 <em>Niedziela, Go\u015b\u0107 Niedzielny, Ma\u0142y Go\u015b\u0107 Niedzielny <\/em>\u2013 zach\u0119camy do zakupu.<\/li><li>Po\u017cegnali\u015bmy z naszej wsp\u00f3lnoty:<\/li><\/ol><ul><li>\u015ap. Genowefa Ro\u017cek, l. 81, Huta,<\/li><li>\u015ap. Zbigniew Polski, l. 68, Za\u0142awcze \u2013 pogrzeb w poniedzia\u0142ek o godz. 14.30 (r\u00f3\u017caniec)<\/li><li>\u015ap. Alfreda (f) Sumera, l. 70, Guz\u00f3wka \u2013 pogrzeb we wtorek o godz. 14.30 (r\u00f3\u017caniec)<\/li><\/ul>\t\t\t\t\t\t\t\t<\/div>\n\t\t\t\t\t<\/div>\n\t\t\t\t<\/div>\n\t\t\t\t<\/div>\n\t\t","protected":false},"excerpt":{"rendered":"<p>Og\u0142oszenia parafialne \u2013 V Niedziela Wielkanocy \u2013 03.05.2026r. \u015aroda \u2013 \u015bwi\u0119to \u015awi\u0119tych Filipa i Jakuba, aposto\u0142\u00f3w Pi\u0105tek \u2013 uroczysto\u015b\u0107 \u015aw. [&hellip;]<\/p>\n","protected":false},"author":2,"featured_media":0,"comment_status":"closed","ping_status":"","sticky":false,"template":"","format":"standard","meta":{"site-sidebar-layout":"default","site-content-layout":"","ast-site-content-layout":"default","site-content-style":"default","site-sidebar-style":"default","ast-global-header-display":"","ast-banner-title-visibility":"","ast-main-header-display":"","ast-hfb-above-header-display":"","ast-hfb-below-header-display":"","ast-hfb-mobile-header-display":"","site-post-title":"","ast-breadcrumbs-content":"","ast-featured-img":"","footer-sml-layout":"","theme-transparent-header-meta":"","adv-header-id-meta":"","stick-header-meta":"","header-above-stick-meta":"","header-main-stick-meta":"","header-below-stick-meta":"","astra-migrate-meta-layouts":"default","ast-page-background-enabled":"default","ast-page-background-meta":{"desktop":{"background-color":"var(--ast-global-color-5)","background-image":"","background-repeat":"repeat","background-position":"center center","background-size":"auto","background-attachment":"scroll","background-type":"","background-media":"","overlay-type":"","overlay-color":"","overlay-opacity":"","overlay-gradient":""},"tablet":{"background-color":"","background-image":"","background-repeat":"repeat","background-position":"center center","background-size":"auto","background-attachment":"scroll","background-type":"","background-media":"","overlay-type":"","overlay-color":"","overlay-opacity":"","overlay-gradient":""},"mobile":{"background-color":"","background-image":"","background-repeat":"repeat","background-position":"center center","background-size":"auto","background-attachment":"scroll","background-type":"","background-media":"","overlay-type":"","overlay-color":"","overlay-opacity":"","overlay-gradient":""}},"ast-content-background-meta":{"desktop":{"background-color":"var(--ast-global-color-4)","background-image":"","background-repeat":"repeat","background-position":"center center","background-size":"auto","background-attachment":"scroll","background-type":"","background-media":"","overlay-type":"","overlay-color":"","overlay-opacity":"","overlay-gradient":""},"tablet":{"background-color":"var(--ast-global-color-4)","background-image":"","background-repeat":"repeat","background-position":"center center","background-size":"auto","background-attachment":"scroll","background-type":"","background-media":"","overlay-type":"","overlay-color":"","overlay-opacity":"","overlay-gradient":""},"mobile":{"background-color":"var(--ast-global-color-4)","background-image":"","background-repeat":"repeat","background-position":"center center","background-size":"auto","background-attachment":"scroll","background-type":"","background-media":"","overlay-type":"","overlay-color":"","overlay-opacity":"","overlay-gradient":""}},"footnotes":""},"categories":[9],"tags":[],"post_folder":[],"class_list":["post-594","post","type-post","status-publish","format-standard","hentry","category-ogloszenia"],"_links":{"self":[{"href":"https:\/\/parafiaturobin.pl\/index.php\/wp-json\/wp\/v2\/posts\/594","targetHints":{"allow":["GET"]}}],"collection":[{"href":"https:\/\/parafiaturobin.pl\/index.php\/wp-json\/wp\/v2\/posts"}],"about":[{"href":"https:\/\/parafiaturobin.pl\/index.php\/wp-json\/wp\/v2\/types\/post"}],"author":[{"embeddable":true,"href":"https:\/\/parafiaturobin.pl\/index.php\/wp-json\/wp\/v2\/users\/2"}],"replies":[{"embeddable":true,"href":"https:\/\/parafiaturobin.pl\/index.php\/wp-json\/wp\/v2\/comments?post=594"}],"version-history":[{"count":3,"href":"https:\/\/parafiaturobin.pl\/index.php\/wp-json\/wp\/v2\/posts\/594\/revisions"}],"predecessor-version":[{"id":597,"href":"https:\/\/parafiaturobin.pl\/index.php\/wp-json\/wp\/v2\/posts\/594\/revisions\/597"}],"wp:attachment":[{"href":"https:\/\/parafiaturobin.pl\/index.php\/wp-json\/wp\/v2\/media?parent=594"}],"wp:term":[{"taxonomy":"category","embeddable":true,"href":"https:\/\/parafiaturobin.pl\/index.php\/wp-json\/wp\/v2\/categories?post=594"},{"taxonomy":"post_tag","embeddable":true,"href":"https:\/\/parafiaturobin.pl\/index.php\/wp-json\/wp\/v2\/tags?post=594"},{"taxonomy":"post_folder","embeddable":true,"href":"https:\/\/parafiaturobin.pl\/index.php\/wp-json\/wp\/v2\/post_folder?post=594"}],"curies":[{"name":"wp","href":"https:\/\/api.w.org\/{rel}","templated":true}]}}